{"id":916,"date":"2024-02-05T10:28:18","date_gmt":"2024-02-05T09:28:18","guid":{"rendered":"http:\/\/waageplatz-viertel.org\/?p=916"},"modified":"2024-03-23T09:06:58","modified_gmt":"2024-03-23T08:06:58","slug":"916","status":"publish","type":"post","link":"https:\/\/waageplatz-viertel.org\/index.php\/2024\/02\/05\/916\/","title":{"rendered":"&#8230;dann kaufen wir doch einfach H\u00e4user!"},"content":{"rendered":"\n<div class=\"wp-block-media-text is-stacked-on-mobile\" style=\"grid-template-columns:43% auto\"><figure class=\"wp-block-media-text__media\"><img loading=\"lazy\" decoding=\"async\" width=\"730\" height=\"1024\" src=\"https:\/\/waageplatz-viertel.org\/wp-content\/uploads\/2024\/02\/Plakat_0902-730x1024.jpg\" alt=\"\" class=\"wp-image-915 size-full\" srcset=\"https:\/\/waageplatz-viertel.org\/wp-content\/uploads\/2024\/02\/Plakat_0902-730x1024.jpg 730w, https:\/\/waageplatz-viertel.org\/wp-content\/uploads\/2024\/02\/Plakat_0902-214x300.jpg 214w, https:\/\/waageplatz-viertel.org\/wp-content\/uploads\/2024\/02\/Plakat_0902-768x1077.jpg 768w, https:\/\/waageplatz-viertel.org\/wp-content\/uploads\/2024\/02\/Plakat_0902-624x875.jpg 624w\" sizes=\"auto, (max-width: 730px) 100vw, 730px\" \/><\/figure><div class=\"wp-block-media-text__content\">\n<p>Vielfalt und Lebendigkeit unseres Viertels werden verdr\u00e4ngt oder k\u00f6nnen gar nicht erst entstehen. Auch Eigent\u00fcmer*innen, die fair vermieten wollen, haben oft noch keinen passenden Weg gefunden. Die Wohnpolitik der Stadt bietet absehbar keine Perspektive. Stattdessen machen Immobilienkonzerne mit \u00fcberzogenen Mieten Profite. Von allein wird nichts besser. Es wird Zeit, die Dinge selber in die Hand zu nehmen.<\/p>\n<\/div><\/div>\n\n\n\n<p><\/p>\n\n\n\n<p>Bei der Veranstaltung werden Hintergr\u00fcnde und Perspektiven zur Mietpreisentwicklung dargelegt. Bereits bestehende, alternative Wohnformen, bei denen Wohneigentum neu gedacht und Mitgestaltung gro\u00df geschrieben wird, stellen sich vor. Ein \u00e4hnliches Konzept verfolgt das Forum Waageplatz-Viertel. Durch Ankauf von Immobilien soll gemeinschaftlich bezahlbarer Wohnraum erhalten bleiben und weiterer geschaffen werden.<br>Mit Dr. Hans-Dieter von Frieling (B\u00fcndnis Gutes Wohnen f\u00fcr Alle), Hauseigent\u00fcmer*innen und Mieter*innen aus unserem Viertel und Vertreter*innen des Forum Waageplatz-Viertel.<br>Im Anschluss an die Veranstaltung serviert die &#8222;K\u00fccheng\u00e4ng&#8220; Schnittchen und es besteht die M\u00f6glichkeit zum Kennenlernen und zum fachlichen und nachbarschaftlichen Austausch.<br>Wir freuen uns &#8211; kommt alle vorbei!<\/p>\n","protected":false},"excerpt":{"rendered":"<p>Vielfalt und Lebendigkeit unseres Viertels werden verdr\u00e4ngt oder k\u00f6nnen gar nicht erst entstehen. Auch Eigent\u00fcmer*innen, die fair vermieten wollen, haben oft noch keinen passenden Weg gefunden. Die Wohnpolitik der Stadt bietet absehbar keine Perspektive. Stattdessen machen Immobilienkonzerne mit \u00fcberzogenen Mieten Profite. Von allein wird nichts besser. Es wird Zeit, die Dinge selber in die Hand [&hellip;]<\/p>\n","protected":false},"author":2,"featured_media":0,"comment_status":"closed","ping_status":"open","sticky":false,"template":"","format":"standard","meta":{"ngg_post_thumbnail":0,"footnotes":""},"categories":[1,7],"tags":[],"class_list":["post-916","post","type-post","status-publish","format-standard","hentry","category-allgemein","category-bezahlbare_mieten"],"_links":{"self":[{"href":"https:\/\/waageplatz-viertel.org\/index.php\/wp-json\/wp\/v2\/posts\/916","targetHints":{"allow":["GET"]}}],"collection":[{"href":"https:\/\/waageplatz-viertel.org\/index.php\/wp-json\/wp\/v2\/posts"}],"about":[{"href":"https:\/\/waageplatz-viertel.org\/index.php\/wp-json\/wp\/v2\/types\/post"}],"author":[{"embeddable":true,"href":"https:\/\/waageplatz-viertel.org\/index.php\/wp-json\/wp\/v2\/users\/2"}],"replies":[{"embeddable":true,"href":"https:\/\/waageplatz-viertel.org\/index.php\/wp-json\/wp\/v2\/comments?post=916"}],"version-history":[{"count":5,"href":"https:\/\/waageplatz-viertel.org\/index.php\/wp-json\/wp\/v2\/posts\/916\/revisions"}],"predecessor-version":[{"id":930,"href":"https:\/\/waageplatz-viertel.org\/index.php\/wp-json\/wp\/v2\/posts\/916\/revisions\/930"}],"wp:attachment":[{"href":"https:\/\/waageplatz-viertel.org\/index.php\/wp-json\/wp\/v2\/media?parent=916"}],"wp:term":[{"taxonomy":"category","embeddable":true,"href":"https:\/\/waageplatz-viertel.org\/index.php\/wp-json\/wp\/v2\/categories?post=916"},{"taxonomy":"post_tag","embeddable":true,"href":"https:\/\/waageplatz-viertel.org\/index.php\/wp-json\/wp\/v2\/tags?post=916"}],"curies":[{"name":"wp","href":"https:\/\/api.w.org\/{rel}","templated":true}]}}