{"id":713,"date":"2023-05-15T12:52:53","date_gmt":"2023-05-15T10:52:53","guid":{"rendered":"http:\/\/waageplatz-viertel.org\/?p=713"},"modified":"2023-07-10T17:17:53","modified_gmt":"2023-07-10T15:17:53","slug":"mural-mit-frauenportraits-entsteht-an-der-jva-mauer","status":"publish","type":"post","link":"https:\/\/waageplatz-viertel.org\/index.php\/2023\/05\/15\/mural-mit-frauenportraits-entsteht-an-der-jva-mauer\/","title":{"rendered":"Mural mit Frauenportraits entsteht an der JVA-Mauer"},"content":{"rendered":"<p>Sch\u00fcler*innen des OHG bringen gemeinsam mit K\u00fcnstler*innen der musa in diesen Tagen ein gro\u00dfes Wandbild (Mural)&nbsp; mit Frauen-Portraits an die Mauer der ehem. JVA. Sie greifen damit das Vorbild aus feministischen Murals Madrid auf, erg\u00e4nzt um eigene Vorschl\u00e4ge. Nachdem nachts die Konturen vorgezeichnet wurden, geht es in den n\u00e4chsten Tagen nun mit Ausmalen los. Wer Zeit und Lust hat, kann gerne am 23. und 24. Mai und 6. Juni tags\u00fcber mal vorbeischauen. Am 23.5. hat unsere Nachbarschaftskoch-Crew f\u00fcr die Sch\u00fcler*innen gekocht und wir haben mittags etwas von uns erz\u00e4hlt.<\/p>\n\n\t\t<style type=\"text\/css\">\n\t\t\t#gallery-1 {\n\t\t\t\tmargin: auto;\n\t\t\t}\n\t\t\t#gallery-1 .gallery-item {\n\t\t\t\tfloat: left;\n\t\t\t\tmargin-top: 10px;\n\t\t\t\ttext-align: center;\n\t\t\t\twidth: 50%;\n\t\t\t}\n\t\t\t#gallery-1 img {\n\t\t\t\tborder: 2px solid #cfcfcf;\n\t\t\t}\n\t\t\t#gallery-1 .gallery-caption {\n\t\t\t\tmargin-left: 0;\n\t\t\t}\n\t\t\t\/* see gallery_shortcode() in wp-includes\/media.php *\/\n\t\t<\/style>\n\t\t<div id='gallery-1' class='gallery galleryid-713 gallery-columns-2 gallery-size-medium'><dl class='gallery-item'>\n\t\t\t<dt class='gallery-icon portrait'>\n\t\t\t\t<a href='https:\/\/waageplatz-viertel.org\/mural_1\/'><img loading=\"lazy\" decoding=\"async\" width=\"225\" height=\"300\" src=\"https:\/\/waageplatz-viertel.org\/wp-content\/uploads\/2023\/05\/Mural_1-225x300.jpg\" class=\"attachment-medium size-medium\" alt=\"\" srcset=\"https:\/\/waageplatz-viertel.org\/wp-content\/uploads\/2023\/05\/Mural_1-225x300.jpg 225w, https:\/\/waageplatz-viertel.org\/wp-content\/uploads\/2023\/05\/Mural_1-768x1024.jpg 768w, https:\/\/waageplatz-viertel.org\/wp-content\/uploads\/2023\/05\/Mural_1-624x832.jpg 624w, https:\/\/waageplatz-viertel.org\/wp-content\/uploads\/2023\/05\/Mural_1.jpg 1200w\" sizes=\"auto, (max-width: 225px) 100vw, 225px\" \/><\/a>\n\t\t\t<\/dt><\/dl><dl class='gallery-item'>\n\t\t\t<dt class='gallery-icon portrait'>\n\t\t\t\t<a href='https:\/\/waageplatz-viertel.org\/mural_3\/'><img loading=\"lazy\" decoding=\"async\" width=\"225\" height=\"300\" src=\"https:\/\/waageplatz-viertel.org\/wp-content\/uploads\/2023\/05\/Mural_3-225x300.jpg\" class=\"attachment-medium size-medium\" alt=\"\" srcset=\"https:\/\/waageplatz-viertel.org\/wp-content\/uploads\/2023\/05\/Mural_3-225x300.jpg 225w, https:\/\/waageplatz-viertel.org\/wp-content\/uploads\/2023\/05\/Mural_3-768x1024.jpg 768w, https:\/\/waageplatz-viertel.org\/wp-content\/uploads\/2023\/05\/Mural_3-624x832.jpg 624w, https:\/\/waageplatz-viertel.org\/wp-content\/uploads\/2023\/05\/Mural_3.jpg 1200w\" sizes=\"auto, (max-width: 225px) 100vw, 225px\" \/><\/a>\n\t\t\t<\/dt><\/dl><br style=\"clear: both\" \/>\n\t\t<\/div>\n\n\n\t\t<style type=\"text\/css\">\n\t\t\t#gallery-2 {\n\t\t\t\tmargin: auto;\n\t\t\t}\n\t\t\t#gallery-2 .gallery-item {\n\t\t\t\tfloat: left;\n\t\t\t\tmargin-top: 10px;\n\t\t\t\ttext-align: center;\n\t\t\t\twidth: 50%;\n\t\t\t}\n\t\t\t#gallery-2 img {\n\t\t\t\tborder: 2px solid #cfcfcf;\n\t\t\t}\n\t\t\t#gallery-2 .gallery-caption {\n\t\t\t\tmargin-left: 0;\n\t\t\t}\n\t\t\t\/* see gallery_shortcode() in wp-includes\/media.php *\/\n\t\t<\/style>\n\t\t<div id='gallery-2' class='gallery galleryid-713 gallery-columns-2 gallery-size-medium'><dl class='gallery-item'>\n\t\t\t<dt class='gallery-icon portrait'>\n\t\t\t\t<a href='https:\/\/waageplatz-viertel.org\/mural_2\/'><img loading=\"lazy\" decoding=\"async\" width=\"225\" height=\"300\" src=\"https:\/\/waageplatz-viertel.org\/wp-content\/uploads\/2023\/05\/Mural_2-225x300.jpg\" class=\"attachment-medium size-medium\" alt=\"\" srcset=\"https:\/\/waageplatz-viertel.org\/wp-content\/uploads\/2023\/05\/Mural_2-225x300.jpg 225w, https:\/\/waageplatz-viertel.org\/wp-content\/uploads\/2023\/05\/Mural_2-768x1024.jpg 768w, https:\/\/waageplatz-viertel.org\/wp-content\/uploads\/2023\/05\/Mural_2-624x832.jpg 624w, https:\/\/waageplatz-viertel.org\/wp-content\/uploads\/2023\/05\/Mural_2.jpg 1200w\" sizes=\"auto, (max-width: 225px) 100vw, 225px\" \/><\/a>\n\t\t\t<\/dt><\/dl><dl class='gallery-item'>\n\t\t\t<dt class='gallery-icon portrait'>\n\t\t\t\t<a href='https:\/\/waageplatz-viertel.org\/mural_helga\/'><img loading=\"lazy\" decoding=\"async\" width=\"225\" height=\"300\" src=\"https:\/\/waageplatz-viertel.org\/wp-content\/uploads\/2023\/05\/Mural_Helga-225x300.jpg\" class=\"attachment-medium size-medium\" alt=\"\" srcset=\"https:\/\/waageplatz-viertel.org\/wp-content\/uploads\/2023\/05\/Mural_Helga-225x300.jpg 225w, https:\/\/waageplatz-viertel.org\/wp-content\/uploads\/2023\/05\/Mural_Helga-768x1024.jpg 768w, https:\/\/waageplatz-viertel.org\/wp-content\/uploads\/2023\/05\/Mural_Helga-624x832.jpg 624w, https:\/\/waageplatz-viertel.org\/wp-content\/uploads\/2023\/05\/Mural_Helga.jpg 1200w\" sizes=\"auto, (max-width: 225px) 100vw, 225px\" \/><\/a>\n\t\t\t<\/dt><\/dl><br style=\"clear: both\" \/>\n\t\t<\/div>\n\n<p><img loading=\"lazy\" decoding=\"async\" class=\"alignleft size-large wp-image-716\" src=\"http:\/\/waageplatz-viertel.org\/wp-content\/uploads\/2023\/05\/Frauenportrait-Mural-1024x557.jpg\" alt=\"\" width=\"625\" height=\"340\" srcset=\"https:\/\/waageplatz-viertel.org\/wp-content\/uploads\/2023\/05\/Frauenportrait-Mural-1024x557.jpg 1024w, https:\/\/waageplatz-viertel.org\/wp-content\/uploads\/2023\/05\/Frauenportrait-Mural-300x163.jpg 300w, https:\/\/waageplatz-viertel.org\/wp-content\/uploads\/2023\/05\/Frauenportrait-Mural-768x418.jpg 768w, https:\/\/waageplatz-viertel.org\/wp-content\/uploads\/2023\/05\/Frauenportrait-Mural-624x339.jpg 624w\" sizes=\"auto, (max-width: 625px) 100vw, 625px\" \/><\/p>\n<p><span id=\"page3R_mcid3\" class=\"markedContent\"><span dir=\"ltr\" role=\"presentation\">Hier eine Kurzbeschreibung der Portraits von den Projektmacher*innen (von links nach rechts):<\/span><\/span><span id=\"page3R_mcid4\" class=\"markedContent\"><\/span><span id=\"page3R_mcid5\" class=\"markedContent\"><br role=\"presentation\"><span dir=\"ltr\" role=\"presentation\">1.<\/span><\/span><span id=\"page3R_mcid6\" class=\"markedContent\"><\/span><span id=\"page3R_mcid7\" class=\"markedContent\"> <span dir=\"ltr\" role=\"presentation\">Helga, Gewerkschafterin aus dem Waageplatz-Viertel<\/span><\/span><span id=\"page3R_mcid8\" class=\"markedContent\"><\/span><span id=\"page3R_mcid9\" class=\"markedContent\"><br role=\"presentation\"><span dir=\"ltr\" role=\"presentation\">2.<\/span><\/span><span id=\"page3R_mcid10\" class=\"markedContent\"><\/span><span id=\"page3R_mcid11\" class=\"markedContent\"> <span dir=\"ltr\" role=\"presentation\">Malala Yousafzai<\/span> <span dir=\"ltr\" role=\"presentation\">(*1997)<\/span><span dir=\"ltr\" role=\"presentation\">, M\u00e4dchenrechtsaktivistin aus Pakistan<\/span><span dir=\"ltr\" role=\"presentation\">, \u00dcberlebende eines<\/span><br role=\"presentation\"><span dir=\"ltr\" role=\"presentation\">Mordansch<\/span><span dir=\"ltr\" role=\"presentation\">la<\/span><span dir=\"ltr\" role=\"presentation\">gs<\/span> <span dir=\"ltr\" role=\"presentation\">der<\/span> <span dir=\"ltr\" role=\"presentation\">Taliban<\/span><span dir=\"ltr\" role=\"presentation\">, j\u00fcngste Friedensnobelpreistr\u00e4gerin der Geschichte<\/span><\/span><span id=\"page3R_mcid12\" class=\"markedContent\"><\/span><span id=\"page3R_mcid13\" class=\"markedContent\"><br role=\"presentation\"><span dir=\"ltr\" role=\"presentation\">3.<\/span><\/span><span id=\"page3R_mcid14\" class=\"markedContent\"><\/span><span id=\"page3R_mcid15\" class=\"markedContent\"> <span dir=\"ltr\" role=\"presentation\">Chimamanda Ngozi Adichie<\/span> <span dir=\"ltr\" role=\"presentation\">(*1977), nigerianische Schriftstellerin,<\/span> <span dir=\"ltr\" role=\"presentation\">T<\/span><span dir=\"ltr\" role=\"presentation\">r\u00e4gerin<\/span><br role=\"presentation\"><span dir=\"ltr\" role=\"presentation\">internationaler<\/span> <span dir=\"ltr\" role=\"presentation\">Preise,<\/span> <span dir=\"ltr\" role=\"presentation\">herausragendes Beispiel junger<\/span> <span dir=\"ltr\" role=\"presentation\">afrikanischer Literatur<\/span><\/span><span id=\"page3R_mcid16\" class=\"markedContent\"><\/span><span id=\"page3R_mcid17\" class=\"markedContent\"><br role=\"presentation\"><span dir=\"ltr\" role=\"presentation\">4.<\/span><\/span><span id=\"page3R_mcid18\" class=\"markedContent\"><\/span><span id=\"page3R_mcid19\" class=\"markedContent\"> <span dir=\"ltr\" role=\"presentation\">Frida Kahlo<\/span> <span dir=\"ltr\" role=\"presentation\">(1907<\/span><span dir=\"ltr\" role=\"presentation\">&#8211;<\/span><span dir=\"ltr\" role=\"presentation\">1954),<\/span> <span dir=\"ltr\" role=\"presentation\">bekannteste Male<\/span><span dir=\"ltr\" role=\"presentation\">rin Mexikos, wenn nicht sogar<\/span><br role=\"presentation\"><span dir=\"ltr\" role=\"presentation\">Lateinamerikas<\/span><\/span><span id=\"page3R_mcid20\" class=\"markedContent\"><\/span><span id=\"page3R_mcid21\" class=\"markedContent\"><br role=\"presentation\"><span dir=\"ltr\" role=\"presentation\">5.<\/span><\/span><span id=\"page3R_mcid22\" class=\"markedContent\"><\/span><span id=\"page3R_mcid23\" class=\"markedContent\"> <span dir=\"ltr\" role=\"presentation\">Waris Dirie<\/span> <span dir=\"ltr\" role=\"presentation\">(*1965)<\/span><span dir=\"ltr\" role=\"presentation\">,<\/span><\/span><span id=\"page3R_mcid24\" class=\"markedContent\"> <span dir=\"ltr\" role=\"presentation\">somalisch<\/span><\/span><span id=\"page3R_mcid25\" class=\"markedContent\"><span dir=\"ltr\" role=\"presentation\">&#8211;<\/span><\/span><span id=\"page3R_mcid26\" class=\"markedContent\"><span dir=\"ltr\" role=\"presentation\">\u00f6ste<\/span><span dir=\"ltr\" role=\"presentation\">rreichisches<\/span><\/span><span id=\"page3R_mcid27\" class=\"markedContent\"><\/span><span id=\"page3R_mcid28\" class=\"markedContent\"> <span dir=\"ltr\" role=\"presentation\">Model<\/span><span dir=\"ltr\" role=\"presentation\">,<\/span> <span dir=\"ltr\" role=\"presentation\">Bestseller<\/span><span dir=\"ltr\" role=\"presentation\">&#8211;<\/span><span dir=\"ltr\" role=\"presentation\">Autorin, Aktivistin<\/span><br role=\"presentation\"><span dir=\"ltr\" role=\"presentation\">gegen<\/span><\/span><span id=\"page3R_mcid29\" class=\"markedContent\"><\/span><span id=\"page3R_mcid30\" class=\"markedContent\"> <span dir=\"ltr\" role=\"presentation\">weibliche Genitalverst\u00fcmmelung<\/span><\/span><span id=\"page3R_mcid31\" class=\"markedContent\"><\/span><span id=\"page3R_mcid32\" class=\"markedContent\"> <span dir=\"ltr\" role=\"presentation\">(<\/span><span dir=\"ltr\" role=\"presentation\">Female Genital Mutilation<\/span><span dir=\"ltr\" role=\"presentation\">, FGM)<\/span><\/span><span id=\"page3R_mcid33\" class=\"markedContent\"><\/span><span id=\"page3R_mcid34\" class=\"markedContent\"><br role=\"presentation\"><span dir=\"ltr\" role=\"presentation\">6.<\/span><\/span><span id=\"page3R_mcid35\" class=\"markedContent\"><\/span><span id=\"page3R_mcid36\" class=\"markedContent\"> <span dir=\"ltr\" role=\"presentation\">Ruth Bader Ginsburg<\/span> <span dir=\"ltr\" role=\"presentation\">(1933<\/span><span dir=\"ltr\" role=\"presentation\">&#8211;<\/span><span dir=\"ltr\" role=\"presentation\">2020), US<\/span><span dir=\"ltr\" role=\"presentation\">&#8211;<\/span><span dir=\"ltr\" role=\"presentation\">amerikanische Juristin<\/span> <span dir=\"ltr\" role=\"presentation\">und<\/span> <span dir=\"ltr\" role=\"presentation\">von<\/span> <span dir=\"ltr\" role=\"presentation\">1993<\/span> <span dir=\"ltr\" role=\"presentation\">bis zu<\/span><br role=\"presentation\"><span dir=\"ltr\" role=\"presentation\">ihrem Tod 2020<\/span> <span dir=\"ltr\" role=\"presentation\">Richterin<\/span><\/span><span id=\"page3R_mcid37\" class=\"markedContent\"><\/span><span id=\"page3R_mcid38\" class=\"markedContent\"> <span dir=\"ltr\" role=\"presentation\">am<\/span><\/span><span id=\"page3R_mcid39\" class=\"markedContent\"><\/span><span id=\"page3R_mcid40\" class=\"markedContent\"> <span dir=\"ltr\" role=\"presentation\">Supreme Court,<\/span> <span dir=\"ltr\" role=\"presentation\">Vorreiterin f\u00fcr Frauenrechte<\/span><\/span><span id=\"page3R_mcid41\" class=\"markedContent\"><\/span><span id=\"page3R_mcid42\" class=\"markedContent\"><br role=\"presentation\"><span dir=\"ltr\" role=\"presentation\">7.<\/span><\/span><span id=\"page3R_mcid43\" class=\"markedContent\"><\/span><span id=\"page3R_mcid44\" class=\"markedContent\"> <span dir=\"ltr\" role=\"presentation\">Nina Simone<\/span> <span dir=\"ltr\" role=\"presentation\">(1933<\/span><span dir=\"ltr\" role=\"presentation\">&#8211;<\/span><span dir=\"ltr\" role=\"presentation\">2003),<\/span> <span dir=\"ltr\" role=\"presentation\">US<\/span><span dir=\"ltr\" role=\"presentation\">&#8211;<\/span><span dir=\"ltr\" role=\"presentation\">amerikanische<\/span><\/span><span id=\"page3R_mcid45\" class=\"markedContent\"><\/span><span id=\"page3R_mcid46\" class=\"markedContent\"> <span dir=\"ltr\" role=\"presentation\">Jazz<\/span><span dir=\"ltr\" role=\"presentation\">&#8211;<\/span> <span dir=\"ltr\" role=\"presentation\">un<\/span><span dir=\"ltr\" role=\"presentation\">d Bluess\u00e4ngerin,<\/span><\/span><span id=\"page3R_mcid47\" class=\"markedContent\"><\/span><span id=\"page3R_mcid48\" class=\"markedContent\"> <span dir=\"ltr\" role=\"presentation\">Pianistin,<\/span><br role=\"presentation\"><span dir=\"ltr\" role=\"presentation\">Songschreiberin<\/span> <span dir=\"ltr\" role=\"presentation\">und<\/span><\/span><span id=\"page3R_mcid49\" class=\"markedContent\"><\/span><span id=\"page3R_mcid50\" class=\"markedContent\"> <span dir=\"ltr\" role=\"presentation\">B\u00fcrgerrechtsaktivistin<\/span><\/span><span id=\"page3R_mcid51\" class=\"markedContent\"><\/span><span id=\"page3R_mcid52\" class=\"markedContent\"><br role=\"presentation\"><span dir=\"ltr\" role=\"presentation\">8.<\/span><\/span><span id=\"page3R_mcid53\" class=\"markedContent\"><\/span><span id=\"page3R_mcid54\" class=\"markedContent\"> <span dir=\"ltr\" role=\"presentation\">Emmy Noether<\/span> <span dir=\"ltr\" role=\"presentation\">(1882<\/span><span dir=\"ltr\" role=\"presentation\">&#8211;<\/span><span dir=\"ltr\" role=\"presentation\">1935), deutsche Mathematikerin<\/span> <span dir=\"ltr\" role=\"presentation\">(auch an der Uni G\u00f6ttingen)<\/span><span dir=\"ltr\" role=\"presentation\">,<\/span><br role=\"presentation\"><span dir=\"ltr\" role=\"presentation\">Begr\u00fcnderin der Modernen Algebra<\/span><span dir=\"ltr\" role=\"presentation\">,<\/span> <span dir=\"ltr\" role=\"presentation\">Tr\u00e4gerin des<\/span> <span dir=\"ltr\" role=\"presentation\">Ackermann<\/span><span dir=\"ltr\" role=\"presentation\">&#8211;<\/span><span dir=\"ltr\" role=\"presentation\">Teubner<\/span><span dir=\"ltr\" role=\"presentation\">&#8211;<\/span><br role=\"presentation\"><span dir=\"ltr\" role=\"presentation\">Ged\u00e4chtnispreis<\/span><span dir=\"ltr\" role=\"presentation\">es<\/span> <span dir=\"ltr\" role=\"presentation\">(<\/span><span dir=\"ltr\" role=\"presentation\">h\u00f6chste<\/span> <span dir=\"ltr\" role=\"presentation\">deutsche<\/span> <span dir=\"ltr\" role=\"presentation\">Auszeichnung<\/span> <span dir=\"ltr\" role=\"presentation\">f\u00fcr mathematische Leistungen<\/span><span dir=\"ltr\" role=\"presentation\">)<\/span><\/span><span id=\"page3R_mcid55\" class=\"markedContent\"><\/span><span id=\"page3R_mcid56\" class=\"markedContent\"><br role=\"presentation\"><span dir=\"ltr\" role=\"presentation\">9.<\/span><\/span><span id=\"page3R_mcid57\" class=\"markedContent\"><\/span><span id=\"page3R_mcid58\" class=\"markedContent\"> <span dir=\"ltr\" role=\"presentation\">Astrid Lindgren<\/span> <span dir=\"ltr\" role=\"presentation\">(1907<\/span><span dir=\"ltr\" role=\"presentation\">&#8211;<\/span><span dir=\"ltr\" role=\"presentation\">2002), schwedische Schriftstellerin, mit die<\/span> <span dir=\"ltr\" role=\"presentation\">bekanntest<\/span><span dir=\"ltr\" role=\"presentation\">e Kinder<\/span><span dir=\"ltr\" role=\"presentation\">&#8211;<\/span><br role=\"presentation\"><span dir=\"ltr\" role=\"presentation\">und Jugendbuchautorin<\/span><\/span><span id=\"page3R_mcid59\" class=\"markedContent\"><\/span><span id=\"page3R_mcid60\" class=\"markedContent\"> <span dir=\"ltr\" role=\"presentation\">der Welt<\/span><span dir=\"ltr\" role=\"presentation\">, Werke in<\/span> <span dir=\"ltr\" role=\"presentation\">106 verschiedenen Sprachen erschienen<\/span><\/span><span id=\"page3R_mcid61\" class=\"markedContent\"><\/span><span id=\"page3R_mcid62\" class=\"markedContent\"><br role=\"presentation\"><span dir=\"ltr\" role=\"presentation\">10.<\/span><\/span><span id=\"page3R_mcid63\" class=\"markedContent\"><\/span><span id=\"page3R_mcid64\" class=\"markedContent\"> <span dir=\"ltr\" role=\"presentation\">Lil<\/span><span dir=\"ltr\" role=\"presentation\">j<\/span><span dir=\"ltr\" role=\"presentation\">a Brik<\/span> <span dir=\"ltr\" role=\"presentation\">(1891<\/span><span dir=\"ltr\" role=\"presentation\">&#8211;<\/span><span dir=\"ltr\" role=\"presentation\">1978), so<\/span><span dir=\"ltr\" role=\"presentation\">wjetische Bildhauerin und Regisseurin. Pablo Neruda<\/span><br role=\"presentation\"><span dir=\"ltr\" role=\"presentation\">bezeichnete sie als \u201edie Muse der<\/span><\/span><span id=\"page3R_mcid65\" class=\"markedContent\"><\/span><span id=\"page3R_mcid66\" class=\"markedContent\"> <span dir=\"ltr\" role=\"presentation\">Russischen Avantgarde\u201c<\/span><\/span><\/p>\n","protected":false},"excerpt":{"rendered":"<p>Sch\u00fcler*innen des OHG bringen gemeinsam mit K\u00fcnstler*innen der musa in diesen Tagen ein gro\u00dfes Wandbild (Mural)&nbsp; mit Frauen-Portraits an die Mauer der ehem. JVA. Sie greifen damit das Vorbild aus feministischen Murals Madrid auf, erg\u00e4nzt um eigene Vorschl\u00e4ge. Nachdem nachts die Konturen vorgezeichnet wurden, geht es in den n\u00e4chsten Tagen nun mit Ausmalen los. Wer [&hellip;]<\/p>\n","protected":false},"author":20,"featured_media":0,"comment_status":"closed","ping_status":"open","sticky":false,"template":"","format":"standard","meta":{"ngg_post_thumbnail":0,"footnotes":""},"categories":[1,6],"tags":[],"class_list":["post-713","post","type-post","status-publish","format-standard","hentry","category-allgemein","category-ehemalige-jva"],"_links":{"self":[{"href":"https:\/\/waageplatz-viertel.org\/index.php\/wp-json\/wp\/v2\/posts\/713","targetHints":{"allow":["GET"]}}],"collection":[{"href":"https:\/\/waageplatz-viertel.org\/index.php\/wp-json\/wp\/v2\/posts"}],"about":[{"href":"https:\/\/waageplatz-viertel.org\/index.php\/wp-json\/wp\/v2\/types\/post"}],"author":[{"embeddable":true,"href":"https:\/\/waageplatz-viertel.org\/index.php\/wp-json\/wp\/v2\/users\/20"}],"replies":[{"embeddable":true,"href":"https:\/\/waageplatz-viertel.org\/index.php\/wp-json\/wp\/v2\/comments?post=713"}],"version-history":[{"count":4,"href":"https:\/\/waageplatz-viertel.org\/index.php\/wp-json\/wp\/v2\/posts\/713\/revisions"}],"predecessor-version":[{"id":752,"href":"https:\/\/waageplatz-viertel.org\/index.php\/wp-json\/wp\/v2\/posts\/713\/revisions\/752"}],"wp:attachment":[{"href":"https:\/\/waageplatz-viertel.org\/index.php\/wp-json\/wp\/v2\/media?parent=713"}],"wp:term":[{"taxonomy":"category","embeddable":true,"href":"https:\/\/waageplatz-viertel.org\/index.php\/wp-json\/wp\/v2\/categories?post=713"},{"taxonomy":"post_tag","embeddable":true,"href":"https:\/\/waageplatz-viertel.org\/index.php\/wp-json\/wp\/v2\/tags?post=713"}],"curies":[{"name":"wp","href":"https:\/\/api.w.org\/{rel}","templated":true}]}}