{"id":270,"date":"2022-07-05T08:08:46","date_gmt":"2022-07-05T06:08:46","guid":{"rendered":"http:\/\/waageplatz-viertel.org\/?p=270"},"modified":"2023-05-21T13:14:41","modified_gmt":"2023-05-21T11:14:41","slug":"fuer-ein-soziales-zentrum","status":"publish","type":"post","link":"https:\/\/waageplatz-viertel.org\/index.php\/2022\/07\/05\/fuer-ein-soziales-zentrum\/","title":{"rendered":"Soziales Zentrum &#8211; Ort gelebter Gemeinschaft"},"content":{"rendered":"<p>&#8230;statt Verkauf der ehem. JVA an einen Investor.<\/p>\n<p><img loading=\"lazy\" decoding=\"async\" class=\"alignnone wp-image-269 size-large\" src=\"http:\/\/waageplatz-viertel.org\/wp-content\/uploads\/2022\/05\/Soziales-Zentrum-in-ehemJVA-1024x724.jpg\" alt=\"\" width=\"625\" height=\"442\" srcset=\"https:\/\/waageplatz-viertel.org\/wp-content\/uploads\/2022\/05\/Soziales-Zentrum-in-ehemJVA-1024x724.jpg 1024w, https:\/\/waageplatz-viertel.org\/wp-content\/uploads\/2022\/05\/Soziales-Zentrum-in-ehemJVA-300x212.jpg 300w, https:\/\/waageplatz-viertel.org\/wp-content\/uploads\/2022\/05\/Soziales-Zentrum-in-ehemJVA-768x543.jpg 768w, https:\/\/waageplatz-viertel.org\/wp-content\/uploads\/2022\/05\/Soziales-Zentrum-in-ehemJVA-624x441.jpg 624w, https:\/\/waageplatz-viertel.org\/wp-content\/uploads\/2022\/05\/Soziales-Zentrum-in-ehemJVA.jpg 1181w\" sizes=\"auto, (max-width: 625px) 100vw, 625px\" \/><\/p>\n<p>Als Forum Waageplatz-Viertel haben wir uns mit dem Gesundheitskollektiv G\u00f6ttingen e.V.,&nbsp; den Falken OV G\u00f6ttingen und der Solik\u00fcche zusammengeschlossen. Nachdem wir seit 2019 mit unseren Ideen f\u00fcr die ehem. JVA in st\u00e4dtische Planungsprozesse eingebracht haben, kann ein Soziales Zentrum nun Wirklichkeit werden.<\/p>\n<p>Die Stadt G\u00f6ttingen hat die beantragten F\u00f6rdergelder aus dem Bund-L\u00e4nder-Programm Soziale Stadt\/Sozialer Zusammenhalt (f\u00fcr die ganze n\u00f6rdliche Innenstadt) bewilligt bekommen. Der Rat der Stadt G\u00f6ttingen hatte in diesem Zuge bereits 2019 notwendige Investitionen als erforderliche Eigenmittel f\u00fcr die JVA bereitgestellt &#8211; nun k\u00f6nnte es losgehen.<\/p>\n<p>Doch aktuell wollen die Oberb\u00fcrgermeisterin und die Mehrheitsfraktionen im Stadtrat (SPD, CDU, Gr\u00fcne) die ehem. JVA lieber an einen Privatinvestor verkaufen. F\u00fcr die N\u00f6rdliche Innenstadt w\u00fcrde das weitere soziale Verdr\u00e4ngung aufgrund von Gentrifizierung bedeuten, f\u00fcr G\u00f6ttingen einen weiteren, unn\u00f6tigen Verlust von Handlungsspielraum.<\/p>\n<h3 style=\"text-align: center;\">Alle Infos: <a href=\"https:\/\/sozialeszentrum.de\/\" target=\"_blank\" rel=\"noopener\">sozialeszentrum.de<\/a><\/h3>\n<p style=\"text-align: center;\">Petition: <a href=\"https:\/\/www.openpetition.de\/petition\/online\/soziales-zentrum-statt-gentrifizierung-durch-privatinvestor-alte-jva-goettingen-2\" target=\"_blank\" rel=\"noopener\">Soziales Zentrum statt Gentrifizierung durch Privatinvestor!<\/a><\/p>\n","protected":false},"excerpt":{"rendered":"<p>&#8230;statt Verkauf der ehem. JVA an einen Investor. Als Forum Waageplatz-Viertel haben wir uns mit dem Gesundheitskollektiv G\u00f6ttingen e.V.,&nbsp; den Falken OV G\u00f6ttingen und der Solik\u00fcche zusammengeschlossen. Nachdem wir seit 2019 mit unseren Ideen f\u00fcr die ehem. JVA in st\u00e4dtische Planungsprozesse eingebracht haben, kann ein Soziales Zentrum nun Wirklichkeit werden. Die Stadt G\u00f6ttingen hat die [&hellip;]<\/p>\n","protected":false},"author":20,"featured_media":0,"comment_status":"closed","ping_status":"open","sticky":false,"template":"","format":"standard","meta":{"ngg_post_thumbnail":0,"footnotes":""},"categories":[1,6,9],"tags":[],"class_list":["post-270","post","type-post","status-publish","format-standard","hentry","category-allgemein","category-ehemalige-jva","category-soziale-stadt"],"_links":{"self":[{"href":"https:\/\/waageplatz-viertel.org\/index.php\/wp-json\/wp\/v2\/posts\/270","targetHints":{"allow":["GET"]}}],"collection":[{"href":"https:\/\/waageplatz-viertel.org\/index.php\/wp-json\/wp\/v2\/posts"}],"about":[{"href":"https:\/\/waageplatz-viertel.org\/index.php\/wp-json\/wp\/v2\/types\/post"}],"author":[{"embeddable":true,"href":"https:\/\/waageplatz-viertel.org\/index.php\/wp-json\/wp\/v2\/users\/20"}],"replies":[{"embeddable":true,"href":"https:\/\/waageplatz-viertel.org\/index.php\/wp-json\/wp\/v2\/comments?post=270"}],"version-history":[{"count":6,"href":"https:\/\/waageplatz-viertel.org\/index.php\/wp-json\/wp\/v2\/posts\/270\/revisions"}],"predecessor-version":[{"id":695,"href":"https:\/\/waageplatz-viertel.org\/index.php\/wp-json\/wp\/v2\/posts\/270\/revisions\/695"}],"wp:attachment":[{"href":"https:\/\/waageplatz-viertel.org\/index.php\/wp-json\/wp\/v2\/media?parent=270"}],"wp:term":[{"taxonomy":"category","embeddable":true,"href":"https:\/\/waageplatz-viertel.org\/index.php\/wp-json\/wp\/v2\/categories?post=270"},{"taxonomy":"post_tag","embeddable":true,"href":"https:\/\/waageplatz-viertel.org\/index.php\/wp-json\/wp\/v2\/tags?post=270"}],"curies":[{"name":"wp","href":"https:\/\/api.w.org\/{rel}","templated":true}]}}