{"id":1144,"date":"2025-02-10T23:12:32","date_gmt":"2025-02-10T22:12:32","guid":{"rendered":"https:\/\/waageplatz-viertel.org\/?p=1144"},"modified":"2025-02-16T09:26:09","modified_gmt":"2025-02-16T08:26:09","slug":"workshop-zu-geschichten-der-ehemaligen-jva","status":"publish","type":"post","link":"https:\/\/waageplatz-viertel.org\/index.php\/2025\/02\/10\/workshop-zu-geschichten-der-ehemaligen-jva\/","title":{"rendered":"Workshop zu Geschichte(n) der ehemaligen JVA"},"content":{"rendered":"\n<p><strong>Thomas K\u00fcntzel<\/strong> von der <a href=\"https:\/\/waageplatz-viertel.org\/index.php\/geschichte-unseres-viertels\/\" target=\"_blank\" rel=\"noreferrer noopener\">AG Geschichte des Forum Waageplatz-Viertel<\/a> hat einen Workshop initiiert, um gemeinsam mit anderen Wissenschaftler:innen  den Forschungsstand zur Geschichte der ehemaligen JVA zusammenzufassen. Wichtige Impulsbeitr\u00e4ge wurden von ihm zuvor in verschiedenen Ausgaben des Masch-Kurier ver\u00f6ffentlicht. Im <a href=\"https:\/\/sozialeszentrum.de\/\" target=\"_blank\" rel=\"noreferrer noopener\">Sozialen Zentrum<\/a> in der ehemaligen JVA, an dessen Realisierung mit dem Ziel zuk\u00fcnftiger Nutzung das Forum Waageplatz-Viertel beteiligt ist, sind Ausstellungsr\u00e4ume insbesondere zur Sozialgeschichte der ehemaligen JVA vorgesehen.<\/p>\n\n\n\n<p class=\"has-text-align-center\"><strong>\u201eDie ehemalige JVA &#8211; ein Geb\u00e4ude mit viel(en) Vergangenheit(en)\u201c<\/strong><br><strong>St\u00e4dtisches Museum<\/strong>, <strong>Ritterplan 7\/8<\/strong><\/p>\n\n\n\n<figure class=\"wp-block-table aligncenter\"><table class=\"has-fixed-layout\"><tbody><tr><td class=\"has-text-align-left\" data-align=\"left\"><strong>FREITAG, 21.02.2025<\/strong><br>&nbsp;<br>13.30 Uhr Begr\u00fc\u00dfung<br>&nbsp;<br>14.00 Uhr Dr. Thomas K\u00fcntzel<br>Einf\u00fchrung: Die ehemalige JVA &#8211; ein Geb\u00e4ude mit viel(en) Vergangenheit(en)<br>&nbsp;<br>15.00 Uhr Dr. Jan Volker Wilhelm<br>Bau und Konzeption des Amts- und Gefangenenhauses<br>&nbsp;<br><em>16.00 Uhr Pause<\/em><br>&nbsp;<br>16.30 Uhr Dr. Thomas K\u00fcntzel<br>Gef\u00e4ngnisseelsorge und -Nachsorge<br><\/td><td><strong>SAMSTAG, 22.02.2025<\/strong><br><br>10.00 Uhr Dr. Thomas K\u00fcntzel<br>Die H\u00e4ftlingslisten aus den Arolsen Archives<br>&nbsp;<br>11.00 Uhr Dr. G\u00fcnther Siedb\u00fcrger<br>Das Gerichtsgef\u00e4ngnis G\u00f6ttingen: Ein Ort der Verfolgung und Bestrafung ausl\u00e4ndischer Zwangsarbeiter und -arbeiterinnen im Nationalsozialismus<br>&nbsp;<br><em>12.00 Uhr Pause<\/em><br>&nbsp;<br>13.00 Uhr Dr. Gudrun Pischke<br>Das nationalsozialistische Lagersystem am Beispiel Salzgitter<br>&nbsp;<br>14.00 Uhr Dr. Stefan Wilbricht<br>KZ-H\u00e4ftlinge aus Moringen in der Haftanstalt<br><br><\/td><\/tr><\/tbody><\/table><\/figure>\n\n\n\n<p class=\"has-text-align-center\"><strong>Der Eintritt ist frei, auch die Teilnahme an einzelnen Veranstaltungsteilen ist m\u00f6glich.<\/strong><\/p>\n\n\n\n<figure class=\"wp-block-image size-large\"><img loading=\"lazy\" decoding=\"async\" width=\"1024\" height=\"566\" src=\"https:\/\/waageplatz-viertel.org\/wp-content\/uploads\/2025\/02\/WorkshopJVA-1024x566.jpg\" alt=\"\" class=\"wp-image-1150\" srcset=\"https:\/\/waageplatz-viertel.org\/wp-content\/uploads\/2025\/02\/WorkshopJVA-1024x566.jpg 1024w, https:\/\/waageplatz-viertel.org\/wp-content\/uploads\/2025\/02\/WorkshopJVA-300x166.jpg 300w, https:\/\/waageplatz-viertel.org\/wp-content\/uploads\/2025\/02\/WorkshopJVA-768x425.jpg 768w, https:\/\/waageplatz-viertel.org\/wp-content\/uploads\/2025\/02\/WorkshopJVA-1536x850.jpg 1536w, https:\/\/waageplatz-viertel.org\/wp-content\/uploads\/2025\/02\/WorkshopJVA-2048x1133.jpg 2048w, https:\/\/waageplatz-viertel.org\/wp-content\/uploads\/2025\/02\/WorkshopJVA-624x345.jpg 624w\" sizes=\"auto, (max-width: 1024px) 100vw, 1024px\" \/><\/figure>\n","protected":false},"excerpt":{"rendered":"<p>Thomas K\u00fcntzel von der AG Geschichte des Forum Waageplatz-Viertel hat einen Workshop initiiert, um gemeinsam mit anderen Wissenschaftler:innen den Forschungsstand zur Geschichte der ehemaligen JVA zusammenzufassen. Wichtige Impulsbeitr\u00e4ge wurden von ihm zuvor in verschiedenen Ausgaben des Masch-Kurier ver\u00f6ffentlicht. Im Sozialen Zentrum in der ehemaligen JVA, an dessen Realisierung mit dem Ziel zuk\u00fcnftiger Nutzung das Forum [&hellip;]<\/p>\n","protected":false},"author":2,"featured_media":0,"comment_status":"closed","ping_status":"open","sticky":false,"template":"","format":"standard","meta":{"ngg_post_thumbnail":0,"footnotes":""},"categories":[1],"tags":[],"class_list":["post-1144","post","type-post","status-publish","format-standard","hentry","category-allgemein"],"_links":{"self":[{"href":"https:\/\/waageplatz-viertel.org\/index.php\/wp-json\/wp\/v2\/posts\/1144","targetHints":{"allow":["GET"]}}],"collection":[{"href":"https:\/\/waageplatz-viertel.org\/index.php\/wp-json\/wp\/v2\/posts"}],"about":[{"href":"https:\/\/waageplatz-viertel.org\/index.php\/wp-json\/wp\/v2\/types\/post"}],"author":[{"embeddable":true,"href":"https:\/\/waageplatz-viertel.org\/index.php\/wp-json\/wp\/v2\/users\/2"}],"replies":[{"embeddable":true,"href":"https:\/\/waageplatz-viertel.org\/index.php\/wp-json\/wp\/v2\/comments?post=1144"}],"version-history":[{"count":4,"href":"https:\/\/waageplatz-viertel.org\/index.php\/wp-json\/wp\/v2\/posts\/1144\/revisions"}],"predecessor-version":[{"id":1160,"href":"https:\/\/waageplatz-viertel.org\/index.php\/wp-json\/wp\/v2\/posts\/1144\/revisions\/1160"}],"wp:attachment":[{"href":"https:\/\/waageplatz-viertel.org\/index.php\/wp-json\/wp\/v2\/media?parent=1144"}],"wp:term":[{"taxonomy":"category","embeddable":true,"href":"https:\/\/waageplatz-viertel.org\/index.php\/wp-json\/wp\/v2\/categories?post=1144"},{"taxonomy":"post_tag","embeddable":true,"href":"https:\/\/waageplatz-viertel.org\/index.php\/wp-json\/wp\/v2\/tags?post=1144"}],"curies":[{"name":"wp","href":"https:\/\/api.w.org\/{rel}","templated":true}]}}